{"id":47,"date":"2023-01-25T07:30:16","date_gmt":"2023-01-25T10:30:16","guid":{"rendered":"https:\/\/jthemes.net\/themes\/wp\/genemy\/creative\/?p=47"},"modified":"2023-11-30T21:06:18","modified_gmt":"2023-12-01T00:06:18","slug":"paulinho-da-viola-rioexxperience","status":"publish","type":"post","link":"https:\/\/rioexx.com.br\/noticias\/paulinho-da-viola-rioexxperience\/","title":{"rendered":"Paulinho da Viola ser\u00e1 homenageado em camarote do Carnaval do Rio"},"content":{"rendered":"<p><a href=\"https:\/\/veja.abril.com.br\/coluna\/radar\/paulinho-da-viola-sera-homenageado-em-camarote-do-carnaval-do-rio\/\" target=\"_blank\" rel=\"noopener\"><em><strong>Por Lucas Vettorazzo<\/strong><\/em><\/a><br \/>\nAtualizado em 25 jan 2023, 18h07 &#8211; Publicado em 25 jan 2023, 17h30<\/p>\n<p>&nbsp;<\/p>\n<p><strong>RioExxperience ter\u00e1 programa\u00e7\u00e3o 100% dedicada ao m\u00fasico que completou 80 anos de idade em novembro<\/strong><\/p>\n<h2>Paulinho da Viola<\/h2>\n<p>O camarote RioExxperience no Samb\u00f3dromo do Rio ter\u00e1 programa\u00e7\u00e3o 100% dedicada a Paulinho da Viola no Carnaval deste ano.<\/p>\n<p>A silhueta do rosto do m\u00fasico, que completou 80 anos de idade em novembro, ser\u00e1 estampada nas camisetas do camarote e as apresenta\u00e7\u00f5es musicais far\u00e3o refer\u00eancia \u00e0 vida e obra do sambista.<\/p>\n<p>Entre as atra\u00e7\u00f5es nos quatro dias de festa est\u00e3o Beatriz Rabello, que \u00e9 filha de Paulinho, a Velha Guarda da Portela e a cantora Maria Rita. O <a href=\"https:\/\/rioexx.com.br\/\" target=\"_blank\" rel=\"noopener\"><strong>RioExxperience<\/strong><\/a> funcionar\u00e1 nos dias 18, 19, 20 e 25 de fevereiro.<\/p>\n<p>Al\u00e9m da homenagem a Paulinho da Viola, o RioExxperience tamb\u00e9m investiu na sustentabilidade. As camisetas foram produzidas em 50% algod\u00e3o e 50% poli\u00e9ster reciclado. O local da festa atender\u00e1, segundo os organizadores, aos padr\u00f5es da Agenda 2030 da ONU.<\/p>\n<p>&nbsp;<\/p>\n<figure id=\"attachment_1244\" aria-describedby=\"caption-attachment-1244\" style=\"width: 700px\" class=\"wp-caption aligncenter\"><img loading=\"lazy\" decoding=\"async\" class=\"wp-image-1244 size-full\" src=\"https:\/\/rioexx.com.br\/noticias\/wp-content\/uploads\/2018\/10\/paulinho-da-viola1.webp\" alt=\"Paulinho da Viola\" width=\"700\" height=\"391\" srcset=\"https:\/\/rioexx.com.br\/noticias\/wp-content\/uploads\/2018\/10\/paulinho-da-viola1.webp 700w, https:\/\/rioexx.com.br\/noticias\/wp-content\/uploads\/2018\/10\/paulinho-da-viola1-300x168.webp 300w, https:\/\/rioexx.com.br\/noticias\/wp-content\/uploads\/2018\/10\/paulinho-da-viola1-600x335.webp 600w, https:\/\/rioexx.com.br\/noticias\/wp-content\/uploads\/2018\/10\/paulinho-da-viola1-500x279.webp 500w, https:\/\/rioexx.com.br\/noticias\/wp-content\/uploads\/2018\/10\/paulinho-da-viola1-400x223.webp 400w\" sizes=\"(max-width: 700px) 100vw, 700px\" \/><figcaption id=\"caption-attachment-1244\" class=\"wp-caption-text\">Reprodu\u00e7\u00e3o Veja &#8211; O cantor Paulinho da Viola\u00a0(Francisco Cepeda\/AgNews)<\/figcaption><\/figure>\n<h3><\/h3>\n<h3><a href=\"https:\/\/rioexx.com.br\/\" target=\"_blank\" rel=\"noopener\">Clique aqui: Conhe\u00e7a o camarote RioExxperience 2024<\/a><\/h3>\n","protected":false},"excerpt":{"rendered":"<p>Por Lucas Vettorazzo Atualizado em 25 jan 2023, 18h07 &#8211; Publicado em 25 jan 2023, 17h30 &nbsp; RioExxperience ter\u00e1 programa\u00e7\u00e3o 100% dedicada ao m\u00fasico que completou 80 anos de idade em novembro Paulinho da Viola O camarote RioExxperience no Samb\u00f3dromo&#8230;<\/p>\n","protected":false},"author":1,"featured_media":1243,"comment_status":"closed","ping_status":"open","sticky":false,"template":"","format":"standard","meta":{"_seopress_robots_primary_cat":"none","_seopress_titles_title":"Paulinho da Viola ser\u00e1 homenageado em camarote do Carnaval do Rio","_seopress_titles_desc":"Paulinho da Viola RioExxperience ter\u00e1 programa\u00e7\u00e3o 100% dedicada ao m\u00fasico que completou 80 anos de idade em novembro","_seopress_robots_index":"","footnotes":""},"categories":[38],"tags":[46,44,45],"_links":{"self":[{"href":"https:\/\/rioexx.com.br\/noticias\/wp-json\/wp\/v2\/posts\/47"}],"collection":[{"href":"https:\/\/rioexx.com.br\/noticias\/wp-json\/wp\/v2\/posts"}],"about":[{"href":"https:\/\/rioexx.com.br\/noticias\/wp-json\/wp\/v2\/types\/post"}],"author":[{"embeddable":true,"href":"https:\/\/rioexx.com.br\/noticias\/wp-json\/wp\/v2\/users\/1"}],"replies":[{"embeddable":true,"href":"https:\/\/rioexx.com.br\/noticias\/wp-json\/wp\/v2\/comments?post=47"}],"version-history":[{"count":7,"href":"https:\/\/rioexx.com.br\/noticias\/wp-json\/wp\/v2\/posts\/47\/revisions"}],"predecessor-version":[{"id":1434,"href":"https:\/\/rioexx.com.br\/noticias\/wp-json\/wp\/v2\/posts\/47\/revisions\/1434"}],"wp:featuredmedia":[{"embeddable":true,"href":"https:\/\/rioexx.com.br\/noticias\/wp-json\/wp\/v2\/media\/1243"}],"wp:attachment":[{"href":"https:\/\/rioexx.com.br\/noticias\/wp-json\/wp\/v2\/media?parent=47"}],"wp:term":[{"taxonomy":"category","embeddable":true,"href":"https:\/\/rioexx.com.br\/noticias\/wp-json\/wp\/v2\/categories?post=47"},{"taxonomy":"post_tag","embeddable":true,"href":"https:\/\/rioexx.com.br\/noticias\/wp-json\/wp\/v2\/tags?post=47"}],"curies":[{"name":"wp","href":"https:\/\/api.w.org\/{rel}","templated":true}]}}