{"id":1539,"date":"2024-01-04T15:01:59","date_gmt":"2024-01-04T18:01:59","guid":{"rendered":"https:\/\/rioexx.com.br\/noticias\/?p=1539"},"modified":"2024-01-04T15:05:53","modified_gmt":"2024-01-04T18:05:53","slug":"mocidade-ultrapassa-funk-e-atinge-top-1-do-spotify","status":"publish","type":"post","link":"https:\/\/rioexx.com.br\/noticias\/mocidade-ultrapassa-funk-e-atinge-top-1-do-spotify\/","title":{"rendered":"Mocidade ultrapassa funk e atinge Top 1 do Spotify"},"content":{"rendered":"<p>Fonte: <a href=\"https:\/\/www.estadao.com.br\/\" target=\"_blank\" rel=\"noopener\">https:\/\/www.estadao.com.br\/<\/a><\/p>\n<h2>Mocidade ultrapassa funk e atinge Top 1 do Spotify Viral Rio com samba composto por Adnet; ou\u00e7a<\/h2>\n<p><strong>Samba-enredo \u2018Pede caju que dou\u2026 P\u00e9 de caju que d\u00e1\u2019 remonta a antigos carnavais e faz refer\u00eancias \u00e0 cultura brasileira e at\u00e9 a Luiz In\u00e1cio<\/strong><\/p>\n<p>O Spotify Viral Rio conta com uma surpresa nesta quarta, 3. O samba-enredo da\u00a0<a href=\"https:\/\/www.estadao.com.br\/tudo-sobre\/mocidade-independente-de-padre-miguel-escola-de-samba\/\" target=\"_blank\" rel=\"noopener\">Mocidade Independente de Padre Miguel<\/a>,\u00a0<em>Pede caju que dou\u2026 P\u00e9 de caju que d\u00e1!<\/em>\u00a0chegou ao primeiro lugar da lista. Com isso, o samba-enredo ultrapassou nomes do funk, como\u00a0<strong>MC Cabelinho.<\/strong><\/p>\n<p><a href=\"https:\/\/open.spotify.com\/playlist\/6GNmpxMYl4hD90GwGINyla\" target=\"_blank\" rel=\"noopener\"><img loading=\"lazy\" decoding=\"async\" class=\"aligncenter wp-image-1540 size-full\" src=\"https:\/\/rioexx.com.br\/noticias\/wp-content\/uploads\/2024\/01\/mocidade-ultrapassa-funk.jpg\" alt=\"mocidade ultrapassa funk\" width=\"718\" height=\"359\" srcset=\"https:\/\/rioexx.com.br\/noticias\/wp-content\/uploads\/2024\/01\/mocidade-ultrapassa-funk.jpg 718w, https:\/\/rioexx.com.br\/noticias\/wp-content\/uploads\/2024\/01\/mocidade-ultrapassa-funk-300x150.jpg 300w, https:\/\/rioexx.com.br\/noticias\/wp-content\/uploads\/2024\/01\/mocidade-ultrapassa-funk-600x300.jpg 600w, https:\/\/rioexx.com.br\/noticias\/wp-content\/uploads\/2024\/01\/mocidade-ultrapassa-funk-500x250.jpg 500w, https:\/\/rioexx.com.br\/noticias\/wp-content\/uploads\/2024\/01\/mocidade-ultrapassa-funk-400x200.jpg 400w\" sizes=\"(max-width: 718px) 100vw, 718px\" \/><\/a><\/p>\n<p class=\"styles__ParagraphStyled-rhi54a-0 gsXpUS \">O samba-enredo foi lan\u00e7ado em junho de 2022, assinado pelo humorista\u00a0<a href=\"https:\/\/www.estadao.com.br\/tudo-sobre\/marcelo-adnet\/\" target=\"_blank\" rel=\"noopener\">Marcelo Adnet<\/a>\u00a0com Diego Nicolau, Paulinho Mocidade, Richard e Cabe\u00e7a do Ajax. A letra faz refer\u00eancia ao modernismo brasileiro, com o movimento antropof\u00e1gico e cita\u00e7\u014des a\u00a0<strong>Tarsila do Amaral,<\/strong>\u00a0para cantar sobre o fruto caju.<\/p>\n<p class=\"styles__ParagraphStyled-rhi54a-0 gsXpUS \"><strong>Alceu Valen\u00e7a\u00a0<\/strong>e\u00a0<strong>Caetano Veloso<\/strong>\u00a0tamb\u00e9m s\u00e3o referenciados, nos versos: \u201c\u00c9 tropic\u00e1lia, tropicana, caju\u00edna\/ Pela intacta retina, a estrela no olhar\u201d, uma lembran\u00e7a \u00e0s letras de\u00a0<em>Morena Tropicana\u00a0<\/em>e\u00a0<em>Caju\u00edna<\/em>, respectivamente. Uma rever\u00eancia aos povos origin\u00e1rios \u00e9 notada em: \u201cA\u00ed Tupi no interior do cafund\u00f3\/ Um quiproc\u00f3 virou guerra assumida\/ Provou Por\u00e3 (Provou!), fruta no p\u00e9\u201d.<\/p>\n<p class=\"styles__ParagraphStyled-rhi54a-0 gsXpUS \">At\u00e9 um jogo com \u201cLuiz In\u00e1cio\u201d est\u00e1 presente na letra: \u201cNesta terra onde tamanho \u00e9 documento \/ Vou erguer um monumento para seu Luiz In\u00e1cio\u201d. Coincidentemente, o respons\u00e1vel por plantar o maior cajueiro do mundo em 1888 foi um pescador chamado Luiz In\u00e1cio, mesmo nome do atual presidente.<\/p>\n<p class=\"styles__ParagraphStyled-rhi54a-0 gsXpUS \">O samba-enredo remonta aos carnavais dos anos 1990, com letras mais leves, e tornou-se uma das faixas mais ouvidas durante o r\u00e9veillon no Rio de Janeiro.<\/p>\n<p><iframe loading=\"lazy\" title=\"YouTube video player\" src=\"https:\/\/www.youtube.com\/embed\/Dl2nbeKipYk?si=hqgmD-A45eDRYbH4\" width=\"760\" height=\"515\" frameborder=\"0\" allowfullscreen=\"allowfullscreen\"><span data-mce-type=\"bookmark\" style=\"display: inline-block; width: 0px; overflow: hidden; line-height: 0;\" class=\"mce_SELRES_start\">\ufeff<\/span><span data-mce-type=\"bookmark\" style=\"display: inline-block; width: 0px; overflow: hidden; line-height: 0;\" class=\"mce_SELRES_start\">\ufeff<\/span><\/iframe><\/p>\n<div class=\"styles__IntertitleWrapper-sc-1mcv1te-0 iOVxiD intertitle-wrapper \">\n<h3 id=\"\">Compositor<\/h3>\n<\/div>\n<p class=\"styles__ParagraphStyled-rhi54a-0 gsXpUS \">Essa n\u00e3o \u00e9 a primeira vez que Adnet aposta na veia de compositor. O humorista j\u00e1 havia se aventurado nos sambas-enredos de escolas como a S\u00e3o Clemente e Acad\u00eamicos do Sossego, de Niter\u00f3i, em parceria com outros letristas. No desfile da S\u00e3o Clemente, em 2020, Adnet chegou a aparecer no carro aleg\u00f3rico, fazendo uma par\u00f3dia do ex-Presidente\u00a0<strong>Jair Bolsonaro<\/strong>.<\/p>\n<figure id=\"attachment_1541\" aria-describedby=\"caption-attachment-1541\" style=\"width: 883px\" class=\"wp-caption aligncenter\"><img loading=\"lazy\" decoding=\"async\" class=\"size-full wp-image-1541\" src=\"https:\/\/rioexx.com.br\/noticias\/wp-content\/uploads\/2024\/01\/mocidade-ultrapassa-funk2.jpg\" alt=\"mocidade ultrapassa funk\" width=\"883\" height=\"567\" srcset=\"https:\/\/rioexx.com.br\/noticias\/wp-content\/uploads\/2024\/01\/mocidade-ultrapassa-funk2.jpg 883w, https:\/\/rioexx.com.br\/noticias\/wp-content\/uploads\/2024\/01\/mocidade-ultrapassa-funk2-300x193.jpg 300w, https:\/\/rioexx.com.br\/noticias\/wp-content\/uploads\/2024\/01\/mocidade-ultrapassa-funk2-768x493.jpg 768w, https:\/\/rioexx.com.br\/noticias\/wp-content\/uploads\/2024\/01\/mocidade-ultrapassa-funk2-600x385.jpg 600w, https:\/\/rioexx.com.br\/noticias\/wp-content\/uploads\/2024\/01\/mocidade-ultrapassa-funk2-500x321.jpg 500w, https:\/\/rioexx.com.br\/noticias\/wp-content\/uploads\/2024\/01\/mocidade-ultrapassa-funk2-400x257.jpg 400w\" sizes=\"(max-width: 883px) 100vw, 883px\" \/><figcaption id=\"caption-attachment-1541\" class=\"wp-caption-text\">O humorista Marcelo Adnet durante desfile pela escola S\u00e3o Clementeno carnaval de 2020. Foto: Wilton Junior \/ Estad\u00e3o<\/figcaption><\/figure>\n<p>&nbsp;<\/p>\n<h3 class=\"_aar3\"><a style=\"font-family: Montserrat, sans-serif; font-weight: bold; letter-spacing: -0.025rem;\" href=\"https:\/\/rioexx.com.br\/\" target=\"_blank\" rel=\"noopener\">Conhe\u00e7a o camarote RioExxperience 2024<\/a><\/h3>\n","protected":false},"excerpt":{"rendered":"<p>Fonte: https:\/\/www.estadao.com.br\/ Mocidade ultrapassa funk e atinge Top 1 do Spotify Viral Rio com samba composto por Adnet; ou\u00e7a Samba-enredo \u2018Pede caju que dou\u2026 P\u00e9 de caju que d\u00e1\u2019 remonta a antigos carnavais e faz refer\u00eancias \u00e0 cultura brasileira e&#8230;<\/p>\n","protected":false},"author":1,"featured_media":1542,"comment_status":"closed","ping_status":"open","sticky":false,"template":"","format":"standard","meta":{"_seopress_robots_primary_cat":"none","_seopress_titles_title":"Mocidade ultrapassa funk e atinge Top 1 do Spotify","_seopress_titles_desc":"Mocidade ultrapassa funk e atinge Top 1 do Spotify Viral Rio com samba composto por Adnet; ou\u00e7a","_seopress_robots_index":"","footnotes":""},"categories":[38],"tags":[125,124,126],"_links":{"self":[{"href":"https:\/\/rioexx.com.br\/noticias\/wp-json\/wp\/v2\/posts\/1539"}],"collection":[{"href":"https:\/\/rioexx.com.br\/noticias\/wp-json\/wp\/v2\/posts"}],"about":[{"href":"https:\/\/rioexx.com.br\/noticias\/wp-json\/wp\/v2\/types\/post"}],"author":[{"embeddable":true,"href":"https:\/\/rioexx.com.br\/noticias\/wp-json\/wp\/v2\/users\/1"}],"replies":[{"embeddable":true,"href":"https:\/\/rioexx.com.br\/noticias\/wp-json\/wp\/v2\/comments?post=1539"}],"version-history":[{"count":5,"href":"https:\/\/rioexx.com.br\/noticias\/wp-json\/wp\/v2\/posts\/1539\/revisions"}],"predecessor-version":[{"id":1547,"href":"https:\/\/rioexx.com.br\/noticias\/wp-json\/wp\/v2\/posts\/1539\/revisions\/1547"}],"wp:featuredmedia":[{"embeddable":true,"href":"https:\/\/rioexx.com.br\/noticias\/wp-json\/wp\/v2\/media\/1542"}],"wp:attachment":[{"href":"https:\/\/rioexx.com.br\/noticias\/wp-json\/wp\/v2\/media?parent=1539"}],"wp:term":[{"taxonomy":"category","embeddable":true,"href":"https:\/\/rioexx.com.br\/noticias\/wp-json\/wp\/v2\/categories?post=1539"},{"taxonomy":"post_tag","embeddable":true,"href":"https:\/\/rioexx.com.br\/noticias\/wp-json\/wp\/v2\/tags?post=1539"}],"curies":[{"name":"wp","href":"https:\/\/api.w.org\/{rel}","templated":true}]}}