{"id":1485,"date":"2023-12-12T18:37:00","date_gmt":"2023-12-12T21:37:00","guid":{"rendered":"https:\/\/rioexx.com.br\/noticias\/?p=1485"},"modified":"2023-12-12T18:37:00","modified_gmt":"2023-12-12T21:37:00","slug":"sambas-enredo-2024-com-refrao-irresistivel-e-bom-humor","status":"publish","type":"post","link":"https:\/\/rioexx.com.br\/noticias\/sambas-enredo-2024-com-refrao-irresistivel-e-bom-humor\/","title":{"rendered":"&#8216;Sambas-enredo 2024&#8217;: Com refr\u00e3o irresist\u00edvel e bom humor"},"content":{"rendered":"<p>Fonte: <a href=\"https:\/\/oglobo.globo.com\/\" target=\"_blank\" rel=\"noopener\">https:\/\/oglobo.globo.com\/<\/a><\/p>\n<p>Por\u00a0Bernardo Araujo\u00a0\u00a0\u2014 Rio de Janeiro<\/p>\n<p>&nbsp;<\/p>\n<h3 class=\"content-head__title\">&#8216;Sambas-enredo 2024&#8217;: Com refr\u00e3o irresist\u00edvel e bom humor, safra confirma bom momento do carnaval carioca<\/h3>\n<p class=\"content-head__subtitle\">Nova leva carnavalesca tem destaques como a composi\u00e7\u00e3o leve e mel\u00f3dica que embalar\u00e1 a Imperatriz, a letra que ser\u00e1 cantada pelo Salgueiro e o bom humor da Mocidade e da Grande Rio<\/p>\n<p>\u201cOlha a\u00a0<strong>Imperatriz\u00a0<\/strong>chegando!\u201d O bord\u00e3o de Dominguinhos do Est\u00e1cio (1941-2021) abre o disco dos sambas-enredo de 2024 com um certo sabor de passado: Imperatriz campe\u00e3, cigana, destino&#8230; \u201cCom a sorte virada pra Lua, segundo o testamento da cigana Esmeralda\u201d rende um dos melhores sambas do ano, leve, mel\u00f3dico e bem puxado por Pitty de Menezes. Tamb\u00e9m com cheiro de passado vem \u201cGbal\u00e1: viagem ao templo da cria\u00e7\u00e3o\u201d, composto por Martinho da Vila para o carnaval de 1993, que a\u00a0<strong>Unidos de Vila Isabel<\/strong>\u00a0leva novamente \u00e0 Avenida 31 anos depois e que segue lindo, mesmo pouco conhecido.<\/p>\n<figure id=\"attachment_1486\" aria-describedby=\"caption-attachment-1486\" style=\"width: 646px\" class=\"wp-caption aligncenter\"><img loading=\"lazy\" decoding=\"async\" class=\"size-full wp-image-1486\" src=\"https:\/\/rioexx.com.br\/noticias\/wp-content\/uploads\/2023\/12\/imperatriz-leopoldinense.jpg\" alt=\"imperatriz leopoldinense\" width=\"646\" height=\"427\" srcset=\"https:\/\/rioexx.com.br\/noticias\/wp-content\/uploads\/2023\/12\/imperatriz-leopoldinense.jpg 646w, https:\/\/rioexx.com.br\/noticias\/wp-content\/uploads\/2023\/12\/imperatriz-leopoldinense-300x198.jpg 300w, https:\/\/rioexx.com.br\/noticias\/wp-content\/uploads\/2023\/12\/imperatriz-leopoldinense-600x397.jpg 600w, https:\/\/rioexx.com.br\/noticias\/wp-content\/uploads\/2023\/12\/imperatriz-leopoldinense-500x330.jpg 500w, https:\/\/rioexx.com.br\/noticias\/wp-content\/uploads\/2023\/12\/imperatriz-leopoldinense-400x264.jpg 400w\" sizes=\"(max-width: 646px) 100vw, 646px\" \/><figcaption id=\"caption-attachment-1486\" class=\"wp-caption-text\">Imperatriz Leopoldinense \u2014 Foto: Brenno Carvalho<\/figcaption><\/figure>\n<p>De uma m\u00e1quina do tempo semelhante vem a\u00a0<strong>Unidos da Tijuca<\/strong>, misturando Brasil e Portugal em \u201cO conto de fados\u201d, samba cadenciado e assobi\u00e1vel puxado pela fera Ito Melodia. Os luso-enredos s\u00e3o uma tradi\u00e7\u00e3o da escola do Borel desde o Descobrimen&#8230; os anos 1980, cortesia de Fernando Horta, portugu\u00eas presidente da escola.<\/p>\n<figure id=\"attachment_1487\" aria-describedby=\"caption-attachment-1487\" style=\"width: 639px\" class=\"wp-caption aligncenter\"><img loading=\"lazy\" decoding=\"async\" class=\"wp-image-1487 size-full\" src=\"https:\/\/rioexx.com.br\/noticias\/wp-content\/uploads\/2023\/12\/unidos-da-tijuca.jpg\" alt=\"unidos da tijuca\" width=\"639\" height=\"423\" srcset=\"https:\/\/rioexx.com.br\/noticias\/wp-content\/uploads\/2023\/12\/unidos-da-tijuca.jpg 639w, https:\/\/rioexx.com.br\/noticias\/wp-content\/uploads\/2023\/12\/unidos-da-tijuca-300x199.jpg 300w, https:\/\/rioexx.com.br\/noticias\/wp-content\/uploads\/2023\/12\/unidos-da-tijuca-600x397.jpg 600w, https:\/\/rioexx.com.br\/noticias\/wp-content\/uploads\/2023\/12\/unidos-da-tijuca-500x331.jpg 500w, https:\/\/rioexx.com.br\/noticias\/wp-content\/uploads\/2023\/12\/unidos-da-tijuca-400x265.jpg 400w\" sizes=\"(max-width: 639px) 100vw, 639px\" \/><figcaption id=\"caption-attachment-1487\" class=\"wp-caption-text\">Unidos da Tijuca \u2014 Foto: Roberto Moreyra<\/figcaption><\/figure>\n<p>Na\u00a0<strong>Mangueira<\/strong>, a homenagem a Alcione remete a um tempo em que Braguinha, Caymmi e Drummond renderam t\u00edtulos: tambores de mina do Maranh\u00e3o, a for\u00e7a feminina e os deuses africanos se unem em um belo samba. Vizinho da Mangueira em S\u00e3o Crist\u00f3v\u00e3o, o\u00a0<strong>Para\u00edso do Tuiuti<\/strong>\u00a0tamb\u00e9m faz lembrar antigos carnavais em \u201cGl\u00f3ria ao Almirante Negro\u201d, sobre o marinheiro Jo\u00e3o C\u00e2ndido e a Revolta da Chibata, em 1910. Apesar da grife Moacyr Luz-Cl\u00e1udio Russo (entre outros parceiros), o samba n\u00e3o se destaca em meio \u00e0 boa safra.<\/p>\n<figure id=\"attachment_1488\" aria-describedby=\"caption-attachment-1488\" style=\"width: 642px\" class=\"wp-caption aligncenter\"><img loading=\"lazy\" decoding=\"async\" class=\"size-full wp-image-1488\" src=\"https:\/\/rioexx.com.br\/noticias\/wp-content\/uploads\/2023\/12\/mangueira.jpg\" alt=\"mangueira\" width=\"642\" height=\"424\" srcset=\"https:\/\/rioexx.com.br\/noticias\/wp-content\/uploads\/2023\/12\/mangueira.jpg 642w, https:\/\/rioexx.com.br\/noticias\/wp-content\/uploads\/2023\/12\/mangueira-300x198.jpg 300w, https:\/\/rioexx.com.br\/noticias\/wp-content\/uploads\/2023\/12\/mangueira-600x396.jpg 600w, https:\/\/rioexx.com.br\/noticias\/wp-content\/uploads\/2023\/12\/mangueira-500x330.jpg 500w, https:\/\/rioexx.com.br\/noticias\/wp-content\/uploads\/2023\/12\/mangueira-400x264.jpg 400w\" sizes=\"(max-width: 642px) 100vw, 642px\" \/><figcaption id=\"caption-attachment-1488\" class=\"wp-caption-text\">Desfile da Mangueira \u2014 Foto: Brenno Carvalho<\/figcaption><\/figure>\n<div class=\"mc-column content-text active-extra-styles \" data-block-type=\"unstyled\" data-block-weight=\"89\" data-block-id=\"10\">\n<p class=\" content-text__container \" data-track-category=\"Link no Texto\" data-track-links=\"\" data-mrf-recirculation=\"Article links\">Chega de passado: o\u00a0<strong>Salgueiro\u00a0<\/strong>faz sucesso ao abordar de forma agressiva um assunto s\u00e9rio: \u201cVoc\u00ea quer me ouvir cantar Yanomami\/ Pra postar no seu perfil\/ Entre aspas e negrito\/ O meu choro, o meu grito, nem a pau, Brasil!\u201d, diz uma das melhores letras do ano, do enredo \u201cHutukara\u201d. Tamb\u00e9m pol\u00edtica, a Portela \u00e9 pura ra\u00e7a negra em \u201cUm defeito de cor\u201d, inspirado no livro hom\u00f4nimo de Ana Maria Gon\u00e7alves. O vozeir\u00e3o de Gilsinho defende a triste melodia com a firmeza de sempre: \u201cNasci quilombo e cresci favela\u201d.<\/p>\n<\/div>\n<div class=\"mc-column content-text active-extra-styles \" data-block-type=\"unstyled\" data-block-weight=\"83\" data-block-id=\"11\">\n<p class=\" content-text__container \" data-track-category=\"Link no Texto\" data-track-links=\"\" data-mrf-recirculation=\"Article links\">Em outra praia, a tropicalista\u00a0<strong>Mocidade Independente de Padre Miguel<\/strong>\u00a0tamb\u00e9m emplaca um hit pr\u00e9-carnavalesco em \u201cPede caju que dou&#8230; P\u00e9 de caju que d\u00e1\u201d: \u201cO mel escorre, olho claro se assanha\/ Se a polpa \u00e9 desse jeito, imagine a castanha\u201d diz o irresist\u00edvel refr\u00e3o do meio, em levada frevo-ax\u00e9 de sotaque nordestino. Campe\u00e3 em 2022, a\u00a0<strong>Grande Rio<\/strong>\u00a0tamb\u00e9m vem bem-humorada e leve no folclore pop-amaz\u00f4nico de \u201cNosso destino \u00e9 ser on\u00e7a\u201d, um dos mais saborosos da safra. Quase um caju maduro.<\/p>\n<div class=\"mc-column content-text active-extra-styles \" data-block-type=\"unstyled\" data-block-weight=\"61\" data-block-id=\"13\">\n<p class=\" content-text__container \" data-track-category=\"Link no Texto\" data-track-links=\"\" data-mrf-recirculation=\"Article links\">A\u00a0<strong>Beija-Flor<\/strong>\u00a0vai a Alagoas contar \u201cUm del\u00edrio de Carnaval na Macei\u00f3 de R\u00e1s Gonguila\u201d, que, boa not\u00edcia, foge da f\u00f3rmula que a gigante de Nil\u00f3polis segue h\u00e1 d\u00e9cadas. A lenda Neguinho da Beija-Flor faz bem seu trabalho, mas o samba escorrega no refr\u00e3o \u201cAqui \u00e9 Beija-Flor\/ Doa a quem doer\u201d. Para que tanto \u00f3dio no cora\u00e7\u00e3o, Deusa da Passarela?<\/p>\n<\/div>\n<div class=\"mc-column content-text active-extra-styles \" data-block-type=\"unstyled\" data-block-weight=\"104\" data-block-id=\"14\">\n<p class=\" content-text__container \" data-track-category=\"Link no Texto\" data-track-links=\"\" data-mrf-recirculation=\"Article links\">Vinda de um t\u00edtulo, dois vices e um terceiro lugar nos \u00faltimos quatro anos, a poderosa\u00a0<strong>Unidos do Viradouro<\/strong>\u00a0traz o cantor Wander Pires e seu estilo oper\u00edstico em \u201cArroboboi, dangb\u00e9\u201d. A intrincada lenda afro-baiana acaba resultando em um samba dif\u00edcil, que dar\u00e1 trabalho \u00e0 bateria de Mestre Ci\u00e7a. Tamb\u00e9m do lado de l\u00e1 da Ba\u00eda, a\u00a0<strong>Porto da Pedra<\/strong>, de S\u00e3o Gon\u00e7alo, retorna ao Grupo Especial trazendo o \u201cLun\u00e1rio Perp\u00e9tuo\u201d, cl\u00e1ssica publica\u00e7\u00e3o espanhola do s\u00e9culo XVI, traduzida para o carnaval\u00eas com sabor nordestino, em boa levada de bai\u00e3o (em fevereiro deste ano, com a Imperatriz, deu em t\u00edtulo) na voz experiente de Wantuir.<\/p>\n<\/div>\n<div data-track-category=\"multicontent\" data-track-action=\"ultimo chunk conteudo\" data-track-noninteraction=\"false\" data-track-scroll=\"view\">\n<div class=\"mc-column content-text active-extra-styles \" data-block-type=\"unstyled\" data-block-weight=\"24\" data-block-id=\"15\">\n<p class=\" content-text__container \" data-track-category=\"Link no Texto\" data-track-links=\"\" data-mrf-recirculation=\"Article links\">Com baterias bem gravadas, temas recorrentes, abordagens novas e tradicionais, o disco do Grupo Especial ratifica o bom momento que vive o g\u00eanero samba-enredo.<\/p>\n<p data-track-category=\"Link no Texto\" data-track-links=\"\" data-mrf-recirculation=\"Article links\">\n<\/div>\n<\/div>\n<\/div>\n<h3><a href=\"https:\/\/rioexx.com.br\/\" target=\"_blank\" rel=\"noopener\">Conhe\u00e7a o camarote RioExxperience 2024<\/a><\/h3>\n","protected":false},"excerpt":{"rendered":"<p>Fonte: https:\/\/oglobo.globo.com\/ Por\u00a0Bernardo Araujo\u00a0\u00a0\u2014 Rio de Janeiro &nbsp; &#8216;Sambas-enredo 2024&#8217;: Com refr\u00e3o irresist\u00edvel e bom humor, safra confirma bom momento do carnaval carioca Nova leva carnavalesca tem destaques como a composi\u00e7\u00e3o leve e mel\u00f3dica que embalar\u00e1 a Imperatriz, a letra&#8230;<\/p>\n","protected":false},"author":1,"featured_media":1489,"comment_status":"closed","ping_status":"open","sticky":false,"template":"","format":"standard","meta":{"_seopress_robots_primary_cat":"none","_seopress_titles_title":"&#039;Sambas-enredo 2024&#039;: Com refr\u00e3o irresist\u00edvel e bom humor","_seopress_titles_desc":"&#039;Sambas-enredo 2024&#039;: Com refr\u00e3o irresist\u00edvel e bom humor, safra confirma bom momento do carnaval carioca","_seopress_robots_index":"","footnotes":""},"categories":[38],"tags":[107,90],"_links":{"self":[{"href":"https:\/\/rioexx.com.br\/noticias\/wp-json\/wp\/v2\/posts\/1485"}],"collection":[{"href":"https:\/\/rioexx.com.br\/noticias\/wp-json\/wp\/v2\/posts"}],"about":[{"href":"https:\/\/rioexx.com.br\/noticias\/wp-json\/wp\/v2\/types\/post"}],"author":[{"embeddable":true,"href":"https:\/\/rioexx.com.br\/noticias\/wp-json\/wp\/v2\/users\/1"}],"replies":[{"embeddable":true,"href":"https:\/\/rioexx.com.br\/noticias\/wp-json\/wp\/v2\/comments?post=1485"}],"version-history":[{"count":1,"href":"https:\/\/rioexx.com.br\/noticias\/wp-json\/wp\/v2\/posts\/1485\/revisions"}],"predecessor-version":[{"id":1490,"href":"https:\/\/rioexx.com.br\/noticias\/wp-json\/wp\/v2\/posts\/1485\/revisions\/1490"}],"wp:featuredmedia":[{"embeddable":true,"href":"https:\/\/rioexx.com.br\/noticias\/wp-json\/wp\/v2\/media\/1489"}],"wp:attachment":[{"href":"https:\/\/rioexx.com.br\/noticias\/wp-json\/wp\/v2\/media?parent=1485"}],"wp:term":[{"taxonomy":"category","embeddable":true,"href":"https:\/\/rioexx.com.br\/noticias\/wp-json\/wp\/v2\/categories?post=1485"},{"taxonomy":"post_tag","embeddable":true,"href":"https:\/\/rioexx.com.br\/noticias\/wp-json\/wp\/v2\/tags?post=1485"}],"curies":[{"name":"wp","href":"https:\/\/api.w.org\/{rel}","templated":true}]}}