{"id":1479,"date":"2023-12-12T17:55:38","date_gmt":"2023-12-12T20:55:38","guid":{"rendered":"https:\/\/rioexx.com.br\/noticias\/?p=1479"},"modified":"2023-12-12T17:58:44","modified_gmt":"2023-12-12T20:58:44","slug":"exposicao-laroye-grande-rio","status":"publish","type":"post","link":"https:\/\/rioexx.com.br\/noticias\/exposicao-laroye-grande-rio\/","title":{"rendered":"Exposi\u00e7\u00e3o \u201cLaroy\u00ea, Grande Rio\u201d"},"content":{"rendered":"<p>Fonte: <a class=\"x1i10hfl xjbqb8w x6umtig x1b1mbwd xaqea5y xav7gou x9f619 x1ypdohk xt0psk2 xe8uvvx xdj266r x11i5rnm xat24cr x1mh8g0r xexx8yu x4uap5 x18d9i69 xkhd6sd x16tdsg8 x1hl2dhg xggy1nq x1a2a7pz _acan _acao _acat _acaw _aj1- _ap30 _a6hd\" tabindex=\"0\" role=\"link\" href=\"https:\/\/www.instagram.com\/igcarnavalize\/\" target=\"_blank\" rel=\"noopener\">igcarnavalize<\/a><\/p>\n<p>&nbsp;<\/p>\n<p>FALA, MAJET\u00c9!<\/p>\n<p>Se liga que vai ter Exu e Carnaval no mais carioca dos museus!<\/p>\n<p>A <strong>exposi\u00e7\u00e3o \u201cLaroy\u00ea, Grande Rio\u201d<\/strong> vai trazer fantasias, esculturas e os bastidores do desfile <strong>\u201cFala, Majet\u00e9! Sete Chaves de Exu\u201d<\/strong> do Acad\u00eamicos do Grande Rio, campe\u00e3o do Carnaval de 2022.<\/p>\n<p>Com curadoria de Leonardo Antan, Luise Campos e Thomas Reis, a exposi\u00e7\u00e3o exibir\u00e1 pe\u00e7as que foram para a Avenida, como fantasias, esculturas e elementos cenogr\u00e1ficos e aleg\u00f3ricos, al\u00e9m de contar com a obra de artistas convidados que serviram de inspira\u00e7\u00e3o para o trabalho dos carnavalescos Gabriel Haddad e Leonardo Bora. S\u00e3o nomes como Mulambo, Cety Soledade, Guilherme Kid e Ju Angelino, que compor\u00e3o tamb\u00e9m o time de artistas que mostram a atualidade e a resson\u00e2ncia do cortejo na sociedade contempor\u00e2nea.<\/p>\n<p>O projeto conta com fomento da Secretaria de Cultura municipal do Rio de Janeiro, por meio do FOCA e \u00e9 realizado pelo coletivo Carnavalize. A inaugura\u00e7\u00e3o da exposi\u00e7\u00e3o ser\u00e1 no dia 15 de dezembro, a partir das 18 horas, com show da bateria e diversos segmentos da Grande Rio.<\/p>\n<p><strong>Bora celebrar?<\/strong><\/p>\n<h3>Servi\u00e7o: Exposi\u00e7\u00e3o \u201cLaroy\u00ea, Grande Rio\u201d | Abertura dia 15 de dezembro, \u00e0s 16h | MAR | Pra\u00e7a Mau\u00e1<\/h3>\n<p>&nbsp;<\/p>\n<h3><a href=\"https:\/\/rioexx.com.br\/\" target=\"_blank\" rel=\"noopener\">Conhe\u00e7a o camarote RioExxperience 2024<\/a><\/h3>\n","protected":false},"excerpt":{"rendered":"<p>Fonte: igcarnavalize &nbsp; FALA, MAJET\u00c9! Se liga que vai ter Exu e Carnaval no mais carioca dos museus! A exposi\u00e7\u00e3o \u201cLaroy\u00ea, Grande Rio\u201d vai trazer fantasias, esculturas e os bastidores do desfile \u201cFala, Majet\u00e9! Sete Chaves de Exu\u201d do Acad\u00eamicos&#8230;<\/p>\n","protected":false},"author":1,"featured_media":1480,"comment_status":"closed","ping_status":"open","sticky":false,"template":"","format":"standard","meta":{"_seopress_robots_primary_cat":"none","_seopress_titles_title":"Exposi\u00e7\u00e3o \u201cLaroy\u00ea, Grande Rio\u201d","_seopress_titles_desc":"A exposi\u00e7\u00e3o \u201cLaroy\u00ea, Grande Rio\u201d vai trazer fantasias, esculturas e os bastidores do desfile \u201cFala, Majet\u00e9! Sete Chaves de Exu\u201d do Acad\u00eamicos do Grande Rio, campe\u00e3o do Carnaval de 2022.","_seopress_robots_index":"","footnotes":""},"categories":[38],"tags":[102,106,105,104],"_links":{"self":[{"href":"https:\/\/rioexx.com.br\/noticias\/wp-json\/wp\/v2\/posts\/1479"}],"collection":[{"href":"https:\/\/rioexx.com.br\/noticias\/wp-json\/wp\/v2\/posts"}],"about":[{"href":"https:\/\/rioexx.com.br\/noticias\/wp-json\/wp\/v2\/types\/post"}],"author":[{"embeddable":true,"href":"https:\/\/rioexx.com.br\/noticias\/wp-json\/wp\/v2\/users\/1"}],"replies":[{"embeddable":true,"href":"https:\/\/rioexx.com.br\/noticias\/wp-json\/wp\/v2\/comments?post=1479"}],"version-history":[{"count":4,"href":"https:\/\/rioexx.com.br\/noticias\/wp-json\/wp\/v2\/posts\/1479\/revisions"}],"predecessor-version":[{"id":1484,"href":"https:\/\/rioexx.com.br\/noticias\/wp-json\/wp\/v2\/posts\/1479\/revisions\/1484"}],"wp:featuredmedia":[{"embeddable":true,"href":"https:\/\/rioexx.com.br\/noticias\/wp-json\/wp\/v2\/media\/1480"}],"wp:attachment":[{"href":"https:\/\/rioexx.com.br\/noticias\/wp-json\/wp\/v2\/media?parent=1479"}],"wp:term":[{"taxonomy":"category","embeddable":true,"href":"https:\/\/rioexx.com.br\/noticias\/wp-json\/wp\/v2\/categories?post=1479"},{"taxonomy":"post_tag","embeddable":true,"href":"https:\/\/rioexx.com.br\/noticias\/wp-json\/wp\/v2\/tags?post=1479"}],"curies":[{"name":"wp","href":"https:\/\/api.w.org\/{rel}","templated":true}]}}