{"id":1476,"date":"2023-12-08T14:25:25","date_gmt":"2023-12-08T17:25:25","guid":{"rendered":"https:\/\/rioexx.com.br\/noticias\/?p=1476"},"modified":"2023-12-08T14:25:25","modified_gmt":"2023-12-08T17:25:25","slug":"exposicao-corpo-popular-em-composicao-na-central-do-brasil","status":"publish","type":"post","link":"https:\/\/rioexx.com.br\/noticias\/exposicao-corpo-popular-em-composicao-na-central-do-brasil\/","title":{"rendered":"Exposi\u00e7\u00e3o \u201cCorpo popular\u201d em composi\u00e7\u00e3o na Central do Brasil"},"content":{"rendered":"<p>Fonte: <a class=\"x1i10hfl xjbqb8w x6umtig x1b1mbwd xaqea5y xav7gou x9f619 x1ypdohk xt0psk2 xe8uvvx xdj266r x11i5rnm xat24cr x1mh8g0r xexx8yu x4uap5 x18d9i69 xkhd6sd x16tdsg8 x1hl2dhg xggy1nq x1a2a7pz  _acan _acao _acat _acaw _aj1- _ap30 _a6hd\" tabindex=\"0\" role=\"link\" href=\"https:\/\/www.instagram.com\/revistaferasdocarnaval\/?e=84f23828-cd81-4d22-b3d1-ca9962ec057f&amp;g=5\" target=\"_blank\" rel=\"noopener\">revistaferasdocarnaval<\/a><\/p>\n<div class=\"_aar2\">\n<h2><\/h2>\n<h2>Come\u00e7a neste s\u00e1bado (09): Arte de\u00a0Leandro\u00a0Vieira\u00a0embarca em trem da SuperVia<\/h2>\n<h2>Carnavalesco apresenta a exposi\u00e7\u00e3o \u201cCorpo popular\u201d em composi\u00e7\u00e3o na Central do Brasil<\/h2>\n<p>A partir deste s\u00e1bado, dia 9 de dezembro, o artista e carnavalesco\u00a0Leandro\u00a0Vieira, da Imperatriz Leopoldinense \u2013 campe\u00e3 do carnaval de 2023 &#8211; vai proporcionar uma viagem diferente aos clientes da SuperVia. Num trem transformado em galeria, estacionado na plataforma 13 da Central do Brasil, ser\u00e1 aberta a exposi\u00e7\u00e3o multilinguagem \u201cCorpo Popular\u201d, sobre o processo criativo que envolve a produ\u00e7\u00e3o de fantasias para 10 desfiles de carnaval.<\/p>\n<p>\u201cCorpo Popular\u201d acontece em dois espa\u00e7os, simultaneamente: no Pa\u00e7o Imperial, no Centro do Rio, e no trem-galeria na Central do Brasil.\u00a0Enquanto a mostra no Pa\u00e7o celebra aqueles que vestem os trajes criados pelo artista, a partir de 2 de dezembro. Na Central, durante seis s\u00e1bados de dezembro e janeiro, a partir do dia 9, das 9h \u00e0s 18h, a exposi\u00e7\u00e3o busca homenagear os parceiros de barrac\u00e3o, costureiras e aderecistas, que ajudam o artista a concretizar os figurinos.<\/p>\n<p>O artista destaca que a Central do Brasil \u00e9 um lugar de grande import\u00e2ncia para ele.<\/p>\n<p>\u201cA Central do Brasil \u00e9 um territ\u00f3rio de afeto para mim, e que influencia diretamente na vida cotidiana das pessoas que trabalham comigo e das pessoas que fazem a performance plena daquilo que tenho como of\u00edcio art\u00edstico. Levar a mostra para um trem parado na Central do Brasil tem a inten\u00e7\u00e3o de popularizar, aumentar, ampliar, de ir para lugares que n\u00e3o costumam ser territ\u00f3rios convencionais para o consumo de arte. A Central \u00e9 um espa\u00e7o superimportante, onde in\u00fameros trabalhadores do carnaval, onde boa parte dos componentes que eu visto para o desfile se encontram. Encontram-se ao longo do ano em deslocamento da ida para casa ou para o trabalho e tamb\u00e9m durante o carnaval tamb\u00e9m os leva ao palco principal, onde eles exibem o meu trabalho de produ\u00e7\u00e3o de fantasias e de figurinos\u201d, destaca o carnavalesco.<\/p>\n<p>Fotos, desenhos, croquis e uma esp\u00e9cie de paleta de texturas, ou seja, retalhos de tecidos e materiais utilizados em fantasias nos \u00faltimos 10 carnavais fazem parte da mostra.\u00a0Leandro\u00a0Vieira\u00a0e a curadora de \u201cCorpo Popular\u201d, D<\/p>\n<\/div>\n<h3><a href=\"https:\/\/rioexx.com.br\/\" target=\"_blank\" rel=\"noopener\">Conhe\u00e7a o camarote RioExxperience 2024<\/a><\/h3>\n","protected":false},"excerpt":{"rendered":"<p>Fonte: revistaferasdocarnaval Come\u00e7a neste s\u00e1bado (09): Arte de\u00a0Leandro\u00a0Vieira\u00a0embarca em trem da SuperVia Carnavalesco apresenta a exposi\u00e7\u00e3o \u201cCorpo popular\u201d em composi\u00e7\u00e3o na Central do Brasil A partir deste s\u00e1bado, dia 9 de dezembro, o artista e carnavalesco\u00a0Leandro\u00a0Vieira, da Imperatriz Leopoldinense \u2013&#8230;<\/p>\n","protected":false},"author":1,"featured_media":1477,"comment_status":"closed","ping_status":"open","sticky":false,"template":"","format":"standard","meta":{"_seopress_robots_primary_cat":"none","_seopress_titles_title":"Exposi\u00e7\u00e3o \u201cCorpo popular\u201d em composi\u00e7\u00e3o na Central do Brasil","_seopress_titles_desc":"Come\u00e7a neste s\u00e1bado (09): Arte de\u00a0Leandro\u00a0Vieira\u00a0embarca em trem da SuperVia\r\nCarnavalesco apresenta a exposi\u00e7\u00e3o \u201cCorpo popular\u201d em composi\u00e7\u00e3o na Central do Brasil","_seopress_robots_index":"","footnotes":""},"categories":[38],"tags":[101,102,103],"_links":{"self":[{"href":"https:\/\/rioexx.com.br\/noticias\/wp-json\/wp\/v2\/posts\/1476"}],"collection":[{"href":"https:\/\/rioexx.com.br\/noticias\/wp-json\/wp\/v2\/posts"}],"about":[{"href":"https:\/\/rioexx.com.br\/noticias\/wp-json\/wp\/v2\/types\/post"}],"author":[{"embeddable":true,"href":"https:\/\/rioexx.com.br\/noticias\/wp-json\/wp\/v2\/users\/1"}],"replies":[{"embeddable":true,"href":"https:\/\/rioexx.com.br\/noticias\/wp-json\/wp\/v2\/comments?post=1476"}],"version-history":[{"count":1,"href":"https:\/\/rioexx.com.br\/noticias\/wp-json\/wp\/v2\/posts\/1476\/revisions"}],"predecessor-version":[{"id":1478,"href":"https:\/\/rioexx.com.br\/noticias\/wp-json\/wp\/v2\/posts\/1476\/revisions\/1478"}],"wp:featuredmedia":[{"embeddable":true,"href":"https:\/\/rioexx.com.br\/noticias\/wp-json\/wp\/v2\/media\/1477"}],"wp:attachment":[{"href":"https:\/\/rioexx.com.br\/noticias\/wp-json\/wp\/v2\/media?parent=1476"}],"wp:term":[{"taxonomy":"category","embeddable":true,"href":"https:\/\/rioexx.com.br\/noticias\/wp-json\/wp\/v2\/categories?post=1476"},{"taxonomy":"post_tag","embeddable":true,"href":"https:\/\/rioexx.com.br\/noticias\/wp-json\/wp\/v2\/tags?post=1476"}],"curies":[{"name":"wp","href":"https:\/\/api.w.org\/{rel}","templated":true}]}}