{"id":1452,"date":"2023-12-04T20:04:08","date_gmt":"2023-12-04T23:04:08","guid":{"rendered":"https:\/\/rioexx.com.br\/noticias\/?p=1452"},"modified":"2023-12-04T20:18:22","modified_gmt":"2023-12-04T23:18:22","slug":"porto-da-pedra-a-letra-do-samba-enredo","status":"publish","type":"post","link":"https:\/\/rioexx.com.br\/noticias\/porto-da-pedra-a-letra-do-samba-enredo\/","title":{"rendered":"Porto da Pedra: a letra do samba-enredo escolhido para o carnaval 2024"},"content":{"rendered":"<p>Fonte: <a href=\"https:\/\/g1.globo.com\/\" target=\"_blank\" rel=\"noopener\">https:\/\/g1.globo.com\/<\/a><\/p>\n<p class=\"content-publication-data__from\" title=\"g1 Rio\">Por g1 Rio\u00a0<time datetime=\"2023-10-03T21:38:56.511Z\">03\/10\/2023 18h38\u00a0<\/time><span class=\"content-publication-data__updated-relative\">\u00a0<time datetime=\"2023-10-03T21:50:36.976Z\">Atualizado\u00a0<time datetime=\"2023-10-03T21:50:36.976Z\">h\u00e1 2 meses<\/time><\/time><\/span><\/p>\n<p>&nbsp;<\/p>\n<h2 class=\"content-head__subtitle\">O Tigre de S\u00e3o Gon\u00e7alo vai apresentar um desfile sobre o &#8216;Lun\u00e1rio Perp\u00e9tuo: A Prof\u00e9tica do Saber Popular&#8217;.<\/h2>\n<div id=\"chunk-2g2an\">\n<div class=\"mc-column content-text active-extra-styles \" data-block-type=\"unstyled\" data-block-weight=\"47\" data-block-id=\"2\">\n<p class=\" content-text__container \" data-track-category=\"Link no Texto\" data-track-links=\"\">A\u00a0<a class=\"\" href=\"https:\/\/g1.globo.com\/carnaval\/escola-de-samba\/unidos-porto-da-pedra\/\">Unidos do Porto da Pedra<\/a>\u00a0escolheu seu samba-enredo para 2024 no fim de agosto. A parceria vencedora \u00e9 dos compositores Guga Martins, Passos J\u00fanior, Gustavo Clar\u00e3o, Lucas Macedo, Leandro Ga\u00facho, Clairton Fonseca, Richard Valen\u00e7a, Gigi da Estiva, Ab\u00edlio Jr., Marquinho Paloma, Cristiano Teles e Ailson Pican\u00e7o.<\/p>\n<\/div>\n<\/div>\n<div class=\"wall protected-content\">\n<div id=\"chunk-9t4l3\">\n<div class=\"mc-column content-text active-extra-styles \" data-block-type=\"unstyled\" data-block-weight=\"32\" data-block-id=\"4\">\n<p class=\" content-text__container \" data-track-category=\"Link no Texto\" data-track-links=\"\">O samba vai embalar o desfile da campe\u00e3 da S\u00e9rie Ouro no carnaval 2023. O Tigre de S\u00e3o Gon\u00e7alo\u00a0<a class=\"\" href=\"https:\/\/g1.globo.com\/rj\/rio-de-janeiro\/carnaval\/2024\/noticia\/2023\/03\/11\/lunario-perpetuo-a-profetica-do-saber-popular-e-o-enredo-da-unidos-do-porto-da-pedra-para-o-carnaval-2024.ghtml\">vai apresentar um desfile sobre o &#8216;Lun\u00e1rio Perp\u00e9tuo: A Prof\u00e9tica do Saber Popular&#8217;.<\/a><\/p>\n<\/div>\n<\/div>\n<div id=\"chunk-3ma3k\">\n<div class=\"mc-column content-text active-extra-styles \" data-block-type=\"unstyled\" data-block-weight=\"43\" data-block-id=\"5\">\n<p class=\" content-text__container \" data-track-category=\"Link no Texto\" data-track-links=\"\">A escola, que conta com o carnavalesco Mauro Quintaes e o enredista Diego Ara\u00fajo, explica que Lun\u00e1rio Perp\u00e9tuo \u00e9 um almanaque que remete a era medieval, l\u00e1 no s\u00e9culo XIV. Foi escrito na Espanha, e depois de 200 anos, veio para o Brasil.<\/p>\n<div id=\"chunk-5vs0s\">\n<div class=\"mc-column content-text active-extra-styles \" data-block-type=\"unstyled\" data-block-weight=\"3\" data-block-id=\"7\">\n<h3 class=\" content-text__container \" data-track-category=\"Link no Texto\">Confira a letra:<\/h3>\n<\/div>\n<\/div>\n<div id=\"chunk-d13nc\">\n<div class=\"mc-column content-text active-extra-styles \" data-block-type=\"unstyled\" data-block-weight=\"21\" data-block-id=\"8\">\n<p class=\" content-text__container \" data-track-category=\"Link no Texto\" data-track-links=\"\">Olhe pro c\u00e9u onde a lua vagueia<br \/>\nAs estrelas brilham no ch\u00e3o<br \/>\nSabedoria \u00e9 a luz que clareia<br \/>\nPorto da Pedra no meu cora\u00e7\u00e3o<\/p>\n<\/div>\n<\/div>\n<div id=\"chunk-166m5\">\n<div class=\"mc-column content-text active-extra-styles \" data-block-type=\"unstyled\" data-block-weight=\"22\" data-block-id=\"9\">\n<p class=\" content-text__container \" data-track-category=\"Link no Texto\" data-track-links=\"\">Sou seu lun\u00e1rio! Conselheiro imortal!<br \/>\nJ\u00e1 &#8216;folheando&#8217; cada ponto cardeal<br \/>\nAlquimia de almanaque (sou eu, sou eu)<br \/>\nCada toque no atabaque (sou eu, sou eu)<\/p>\n<\/div>\n<\/div>\n<div id=\"chunk-8b765\">\n<div class=\"mc-column content-text active-extra-styles \" data-block-type=\"unstyled\" data-block-weight=\"40\" data-block-id=\"10\">\n<p class=\" content-text__container \" data-track-category=\"Link no Texto\" data-track-links=\"\">Quem acendeu as lamparinas desse c\u00e9u?<br \/>\nNo Brasil os retirantes s\u00e3o os astros de cordel<br \/>\nO sert\u00e3o profetizou, cada flor do Cariri<br \/>\nA &#8216;ci\u00eancia&#8217; desse povo, eu n\u00e3o guardo s\u00f3 pra mim<br \/>\nSeparei as folhas secas misturadas no pil\u00e3o<br \/>\nConfiei \u00e0 rezadeira uma nova ora\u00e7\u00e3o<\/p>\n<\/div>\n<\/div>\n<div id=\"chunk-4n3v3\">\n<div class=\"mc-column content-text active-extra-styles \" data-block-type=\"unstyled\" data-block-weight=\"24\" data-block-id=\"11\">\n<p class=\" content-text__container \" data-track-category=\"Link no Texto\" data-track-links=\"\">S\u00f3 porque eu escolhi, navegar por esse mar!<br \/>\nA viola perguntou para o santo do lugar:<br \/>\nResponda, &#8216;meu Sinh\u00f4&#8217;! Ser\u00e1 que \u00e9 amor?<br \/>\nMeu povo vai passar!<\/p>\n<\/div>\n<\/div>\n<div id=\"chunk-883uh\">\n<div class=\"mc-column content-text active-extra-styles \" data-block-type=\"unstyled\" data-block-weight=\"39\" data-block-id=\"12\">\n<p class=\" content-text__container \" data-track-category=\"Link no Texto\" data-track-links=\"\">Tanta gente esperou por esse dia&#8230;<br \/>\nO pincel, a cantoria&#8230; Nunca foi ponto final!<br \/>\nE l\u00e1 do &#8216;auto&#8217; como a vida \u00e9 um repente<br \/>\nO estandarte vai na frente<br \/>\nMuito mais que carnaval!<br \/>\nVem Ant\u00f4nio, vem menino!<br \/>\nSeu destino \u00e9 cirandar<br \/>\nUm brincante nordestino<br \/>\nA miss\u00e3o: perpetuar!<\/p>\n<\/div>\n<\/div>\n<div id=\"chunk-aat63\">\n<div class=\"mc-column content-text active-extra-styles \" data-block-type=\"unstyled\" data-block-weight=\"20\" data-block-id=\"13\">\n<p class=\" content-text__container \" data-track-category=\"Link no Texto\" data-track-links=\"\">Quarto minguante, a moringa quase seca<br \/>\nMar\u00e9 virou&#8230; Virou luar!<br \/>\nTem alambique pra beber na quarta-feira<br \/>\nOk\u00ea, caboclo! Tempo bom vem pra ficar!<\/p>\n<\/div>\n<\/div>\n<div data-track-category=\"multicontent\" data-track-action=\"ultimo chunk conteudo\" data-track-noninteraction=\"false\" data-track-scroll=\"view\">\n<div id=\"chunk-2o04v\">\n<div class=\"mc-column content-text active-extra-styles \" data-block-type=\"unstyled\" data-block-weight=\"19\" data-block-id=\"14\">\n<p class=\" content-text__container \" data-track-category=\"Link no Texto\" data-track-links=\"\">Quarto minguante, a moringa quase seca<br \/>\nMar\u00e9 virou&#8230; Virou luar!<br \/>\nTem alambique pra beber na quarta-feira<br \/>\nFaltava o Tigre pro lun\u00e1rio completar!<\/p>\n<\/div>\n<div class=\"mc-column content-text active-extra-styles \" data-block-type=\"unstyled\" data-block-weight=\"19\" data-block-id=\"14\">\n<p data-track-category=\"Link no Texto\" data-track-links=\"\"><strong><img loading=\"lazy\" decoding=\"async\" class=\"aligncenter size-full wp-image-1454\" src=\"https:\/\/rioexx.com.br\/noticias\/wp-content\/uploads\/2023\/12\/porto-da-pedra1.jpg\" alt=\"porto da pedra\" width=\"1659\" height=\"934\" srcset=\"https:\/\/rioexx.com.br\/noticias\/wp-content\/uploads\/2023\/12\/porto-da-pedra1.jpg 1659w, https:\/\/rioexx.com.br\/noticias\/wp-content\/uploads\/2023\/12\/porto-da-pedra1-300x169.jpg 300w, https:\/\/rioexx.com.br\/noticias\/wp-content\/uploads\/2023\/12\/porto-da-pedra1-1024x577.jpg 1024w, https:\/\/rioexx.com.br\/noticias\/wp-content\/uploads\/2023\/12\/porto-da-pedra1-768x432.jpg 768w, https:\/\/rioexx.com.br\/noticias\/wp-content\/uploads\/2023\/12\/porto-da-pedra1-1536x865.jpg 1536w, https:\/\/rioexx.com.br\/noticias\/wp-content\/uploads\/2023\/12\/porto-da-pedra1-600x338.jpg 600w, https:\/\/rioexx.com.br\/noticias\/wp-content\/uploads\/2023\/12\/porto-da-pedra1-500x281.jpg 500w, https:\/\/rioexx.com.br\/noticias\/wp-content\/uploads\/2023\/12\/porto-da-pedra1-400x225.jpg 400w\" sizes=\"(max-width: 1659px) 100vw, 1659px\" \/>G.R.E.S. UNIDOS DO PORTO DA PEDRA<\/strong><\/p>\n<\/div>\n<\/div>\n<\/div>\n<\/div>\n<\/div>\n<\/div>\n<p>&nbsp;<\/p>\n<h3><a href=\"https:\/\/rioexx.com.br\/\" target=\"_blank\" rel=\"noopener\">Conhe\u00e7a o camarote RioExxperience 2024<\/a><\/h3>\n","protected":false},"excerpt":{"rendered":"<p>Fonte: https:\/\/g1.globo.com\/ Por g1 Rio\u00a003\/10\/2023 18h38\u00a0\u00a0Atualizado\u00a0h\u00e1 2 meses &nbsp; O Tigre de S\u00e3o Gon\u00e7alo vai apresentar um desfile sobre o &#8216;Lun\u00e1rio Perp\u00e9tuo: A Prof\u00e9tica do Saber Popular&#8217;. A\u00a0Unidos do Porto da Pedra\u00a0escolheu seu samba-enredo para 2024 no fim de agosto&#8230;.<\/p>\n","protected":false},"author":1,"featured_media":1453,"comment_status":"closed","ping_status":"open","sticky":false,"template":"","format":"standard","meta":{"_seopress_robots_primary_cat":"none","_seopress_titles_title":"Porto da Pedra: a letra do samba-enredo escolhido para o carnaval 2024","_seopress_titles_desc":"Porto da Pedra: a letra do samba-enredo escolhido para o carnaval 2024","_seopress_robots_index":"","footnotes":""},"categories":[37],"tags":[89,92,91],"_links":{"self":[{"href":"https:\/\/rioexx.com.br\/noticias\/wp-json\/wp\/v2\/posts\/1452"}],"collection":[{"href":"https:\/\/rioexx.com.br\/noticias\/wp-json\/wp\/v2\/posts"}],"about":[{"href":"https:\/\/rioexx.com.br\/noticias\/wp-json\/wp\/v2\/types\/post"}],"author":[{"embeddable":true,"href":"https:\/\/rioexx.com.br\/noticias\/wp-json\/wp\/v2\/users\/1"}],"replies":[{"embeddable":true,"href":"https:\/\/rioexx.com.br\/noticias\/wp-json\/wp\/v2\/comments?post=1452"}],"version-history":[{"count":2,"href":"https:\/\/rioexx.com.br\/noticias\/wp-json\/wp\/v2\/posts\/1452\/revisions"}],"predecessor-version":[{"id":1456,"href":"https:\/\/rioexx.com.br\/noticias\/wp-json\/wp\/v2\/posts\/1452\/revisions\/1456"}],"wp:featuredmedia":[{"embeddable":true,"href":"https:\/\/rioexx.com.br\/noticias\/wp-json\/wp\/v2\/media\/1453"}],"wp:attachment":[{"href":"https:\/\/rioexx.com.br\/noticias\/wp-json\/wp\/v2\/media?parent=1452"}],"wp:term":[{"taxonomy":"category","embeddable":true,"href":"https:\/\/rioexx.com.br\/noticias\/wp-json\/wp\/v2\/categories?post=1452"},{"taxonomy":"post_tag","embeddable":true,"href":"https:\/\/rioexx.com.br\/noticias\/wp-json\/wp\/v2\/tags?post=1452"}],"curies":[{"name":"wp","href":"https:\/\/api.w.org\/{rel}","templated":true}]}}